{"id":811,"date":"2024-01-13T18:43:32","date_gmt":"2024-01-13T17:43:32","guid":{"rendered":"https:\/\/samorzad.uksw.edu.pl\/?p=811"},"modified":"2024-03-08T10:38:52","modified_gmt":"2024-03-08T09:38:52","slug":"ii-posiedzenie-zwyczajne-parlamentu-samorzadu-studentow-uksw","status":"publish","type":"post","link":"https:\/\/samorzad.uksw.edu.pl\/2024\/01\/13\/ii-posiedzenie-zwyczajne-parlamentu-samorzadu-studentow-uksw\/","title":{"rendered":"II Posiedzenie Zwyczajne Parlamentu Samorz\u0105du Student\u00f3w UKSW"},"content":{"rendered":"\n<p>S<em>zanowni Pa\u0144stwo,<\/em><\/p>\n\n\n\n<p><em>zapraszam na II Zwyczajne posiedzenie Parlamentu Samorz\u0105du Student\u00f3w UKSW, kt\u00f3re odb\u0119dzie si\u0119 w Auli Schumana w bud. 21 na kampusie przy ul. W\u00f3ycickiego 1\/3 <strong>w dniu 25.01 o godzinie 17.00.<\/strong><\/em><\/p>\n\n\n\n<p><strong>Proponowany porz\u0105dek obrad II zwyczajnego posiedzenia Parlamentu Samorz\u0105du Student\u00f3w UKSW:<\/strong>&nbsp;<\/p>\n\n\n\n<ol class=\"wp-block-list\">\n<li>Otwarcie II posiedzenia zwyczajnego Parlamentu Samorz\u0105du Student\u00f3w UKSW\u00a0<\/li>\n\n\n\n<li>Wyb\u00f3r komisji skrutacyjnej\u00a0<\/li>\n\n\n\n<li>Sporz\u0105dzenie listy obecno\u015bci\u00a0<\/li>\n\n\n\n<li>Przyj\u0119cie porz\u0105dku obrad\u00a0<\/li>\n\n\n\n<li>Komunikaty Prezydium Parlamentu\u00a0<\/li>\n\n\n\n<li>Sprawozdanie Zarz\u0105du Samorz\u0105du Student\u00f3w UKSW\u00a0z bie\u017c\u0105cej dzia\u0142alno\u015bci\u00a0<\/li>\n\n\n\n<li>Sprawozdanie z\u202fdzia\u0142ania komisji senackich, Senatu, delegacji i\u202finnych organ\u00f3w kolegialnych<\/li>\n\n\n\n<li>Przyj\u0119cie sprawozdania Zarz\u0105du Samorz\u0105du Student\u00f3w UKSW\u00a0<\/li>\n\n\n\n<li>Przyj\u0119cie protoko\u0142u z I posiedzenia Parlamentu Samorz\u0105du Student\u00f3w UKSW\u00a0<\/li>\n\n\n\n<li>Uzupe\u0142nienie sk\u0142adu przedstawicieli do Senatu<\/li>\n\n\n\n<li>Uzupe\u0142nienie sk\u0142adu Komisji Rewizyjnej\u00a0<\/li>\n\n\n\n<li>Wyb\u00f3r kandydat\u00f3w do Og\u00f3lnouczelnianej Komisji Wyborczej Samorz\u0105du Student\u00f3w UKSW\u00a0<\/li>\n\n\n\n<li>G\u0142osowanie nad przyj\u0119ciem regulaminu Samorz\u0105du Student\u00f3w<\/li>\n\n\n\n<li>Wyb\u00f3r przedstawiciela do Komisji ds. warunk\u00f3w pracy\u00a0<\/li>\n\n\n\n<li>Wyb\u00f3r przedstawiciela do senackiej komisji ds. organizacyjno-regulaminowych\u00a0<\/li>\n\n\n\n<li>Wyb\u00f3r przedstawiciela do senackiej komisji ds. mienia i finans\u00f3w\u00a0<\/li>\n\n\n\n<li>Wyb\u00f3r przedstawiciela do senackiej komisji ds. kadr naukowych i odznacze\u0144\u00a0<\/li>\n\n\n\n<li>Wyb\u00f3r przedstawiciela do senackiej komisji ds. bada\u0144 naukowych oraz wsp\u00f3\u0142pracy krajowej i zagranicznej\u00a0<\/li>\n\n\n\n<li>Wyb\u00f3r przedstawiciela do senackiej komisji ds. dydaktycznych\u00a0<\/li>\n\n\n\n<li>Wyb\u00f3r przedstawiciela do uniwersyteckiej komisji bibliotecznej\u00a0<\/li>\n\n\n\n<li>Wyb\u00f3r przedstawiciela do uniwersyteckiej komisji dyscyplinarnej ds. nauczycieli akademickich\u00a0<\/li>\n\n\n\n<li>Wyb\u00f3r przedstawicieli do uniwersyteckiej komisji dyscyplinarnej dla student\u00f3w\u00a0<\/li>\n\n\n\n<li>Wyb\u00f3r przedstawiciela do uniwersyteckiej komisji ds. jako\u015bci kszta\u0142cenia\u00a0<\/li>\n\n\n\n<li>Wyb\u00f3r przedstawicieli do uniwersyteckiej odwo\u0142awczej komisji dyscyplinarnej dla student\u00f3w\u00a0<\/li>\n\n\n\n<li>Wyb\u00f3r przedstawiciela do Rady Studium Wychowania Fizycznego\u00a0<\/li>\n\n\n\n<li>Wyb\u00f3r przedstawiciela do Rady Studium J\u0119zyk\u00f3w Obcych\u00a0<\/li>\n\n\n\n<li>Wolne wnioski\u00a0<\/li>\n\n\n\n<li>Zamkni\u0119cie II zwyczajnego posiedzenia Parlamentu Samorz\u0105du Student\u00f3w UKSW\u00a0<\/li>\n<\/ol>\n","protected":false},"excerpt":{"rendered":"<p>Szanowni Pa\u0144stwo, zapraszam na II Zwyczajne posiedzenie Parlamentu Samorz\u0105du Student\u00f3w UKSW, kt\u00f3re odb\u0119dzie si\u0119 w Auli Schumana w bud. 21 na kampusie przy ul. W\u00f3ycickiego 1\/3 w dniu 25.01 o godzinie 17.00. Proponowany porz\u0105dek obrad II zwyczajnego posiedzenia Parlamentu Samorz\u0105du Student\u00f3w UKSW:&nbsp;<\/p>\n","protected":false},"author":594,"featured_media":0,"comment_status":"closed","ping_status":"open","sticky":false,"template":"","format":"standard","meta":{"_acf_changed":false,"inline_featured_image":false,"footnotes":"","_links_to":"","_links_to_target":""},"categories":[10,7],"tags":[],"class_list":["post-811","post","type-post","status-publish","format-standard","hentry","category-wszystkie","category-parlament"],"acf":[],"_links":{"self":[{"href":"https:\/\/samorzad.uksw.edu.pl\/pl\/wp-json\/wp\/v2\/posts\/811","targetHints":{"allow":["GET"]}}],"collection":[{"href":"https:\/\/samorzad.uksw.edu.pl\/pl\/wp-json\/wp\/v2\/posts"}],"about":[{"href":"https:\/\/samorzad.uksw.edu.pl\/pl\/wp-json\/wp\/v2\/types\/post"}],"author":[{"embeddable":true,"href":"https:\/\/samorzad.uksw.edu.pl\/pl\/wp-json\/wp\/v2\/users\/594"}],"replies":[{"embeddable":true,"href":"https:\/\/samorzad.uksw.edu.pl\/pl\/wp-json\/wp\/v2\/comments?post=811"}],"version-history":[{"count":0,"href":"https:\/\/samorzad.uksw.edu.pl\/pl\/wp-json\/wp\/v2\/posts\/811\/revisions"}],"wp:attachment":[{"href":"https:\/\/samorzad.uksw.edu.pl\/pl\/wp-json\/wp\/v2\/media?parent=811"}],"wp:term":[{"taxonomy":"category","embeddable":true,"href":"https:\/\/samorzad.uksw.edu.pl\/pl\/wp-json\/wp\/v2\/categories?post=811"},{"taxonomy":"post_tag","embeddable":true,"href":"https:\/\/samorzad.uksw.edu.pl\/pl\/wp-json\/wp\/v2\/tags?post=811"}],"curies":[{"name":"wp","href":"https:\/\/api.w.org\/{rel}","templated":true}]}}