{"id":746,"date":"2023-12-11T16:16:00","date_gmt":"2023-12-11T15:16:00","guid":{"rendered":"https:\/\/samorzad.uksw.edu.pl\/?p=746"},"modified":"2024-03-08T10:39:27","modified_gmt":"2024-03-08T09:39:27","slug":"i-posiedzenie-wydzialowej-rady-studentow-wydzialu-prawa-kanonicznego","status":"publish","type":"post","link":"https:\/\/samorzad.uksw.edu.pl\/2023\/12\/11\/i-posiedzenie-wydzialowej-rady-studentow-wydzialu-prawa-kanonicznego\/","title":{"rendered":"I posiedzenie Wydzia\u0142owej Rady Student\u00f3w Wydzia\u0142u Prawa Kanonicznego"},"content":{"rendered":"\n<p>Na\u00a0podstawie \u00a727 ust. 4 Regulaminu Samorz\u0105du Student\u00f3w UKSW zwo\u0142uje si\u0119 pierwsze posiedzenie zwyczajne Wydzia\u0142owej Rady Student\u00f3w Wydzia\u0142u Prawa Kanonicznego, kt\u00f3re odb\u0119dzie si\u0119\u00a0<strong>20.12.2023r. o\u00a0godzinie 18:00<\/strong>.<\/p>\n\n\n\n<p>Posiedzenie odb\u0119dzie si\u0119 w\u00a0formie zdalnej na\u00a0platformie Microsoft Teams.<\/p>\n\n\n\n<p><\/p>\n\n\n\n<p>Planowany porz\u0105dek obrad I Posiedzenia WRS WPK UKSW:<\/p>\n\n\n\n<p>[posiedzeniu przewodniczy Maciej Urba\u0144ski]<\/p>\n\n\n\n<p>1. Otwarcie I posiedzenia WRS WPK UKSW<br>2. Sporz\u0105dzenie listy obecno\u015bci<br>3. Wyb\u00f3r komisji skrutacyjnej<br>4. Przyj\u0119cie porz\u0105dku obrad<br>5. Wyb\u00f3r Przewodnicz\u0105cego WRS WPK UKSW<\/p>\n\n\n\n<p>[prowadzenie posiedzenia przejmuje nowo wybrany Przewodnicz\u0105cy]<\/p>\n\n\n\n<p>6. Wyb\u00f3r Wiceprzewodnicz\u0105cego WRS WPK UKSW<br>7. Wyb\u00f3r Sekretarza WRS WPK UKSW<br>8. Informacje Parlamentarzyst\u00f3w Samorz\u0105du Student\u00f3w UKSW z ramienia WRS WPK UKSW<br>9. Wolne wnioski<br>10. Przyj\u0119cie sprawozdania z I posiedzenia WRS WPK UKSW<br>11. Zamkni\u0119cie I posiedzenia WRS WPK UKSW<\/p>\n","protected":false},"excerpt":{"rendered":"<p>Na\u00a0podstawie \u00a727 ust. 4 Regulaminu Samorz\u0105du Student\u00f3w UKSW zwo\u0142uje si\u0119 pierwsze posiedzenie zwyczajne Wydzia\u0142owej Rady Student\u00f3w Wydzia\u0142u Prawa Kanonicznego, kt\u00f3re odb\u0119dzie si\u0119\u00a020.12.2023r. o\u00a0godzinie 18:00. Posiedzenie odb\u0119dzie si\u0119 w\u00a0formie zdalnej na\u00a0platformie Microsoft Teams. Planowany porz\u0105dek obrad I Posiedzenia WRS WPK UKSW: [posiedzeniu przewodniczy Maciej Urba\u0144ski] 1. Otwarcie I posiedzenia WRS WPK UKSW2. Sporz\u0105dzenie listy obecno\u015bci3. Wyb\u00f3r [&hellip;]<\/p>\n","protected":false},"author":590,"featured_media":0,"comment_status":"closed","ping_status":"open","sticky":false,"template":"","format":"standard","meta":{"_acf_changed":false,"inline_featured_image":false,"footnotes":"","_links_to":"","_links_to_target":""},"categories":[10,9],"tags":[],"class_list":["post-746","post","type-post","status-publish","format-standard","hentry","category-wszystkie","category-wrs"],"acf":[],"_links":{"self":[{"href":"https:\/\/samorzad.uksw.edu.pl\/pl\/wp-json\/wp\/v2\/posts\/746","targetHints":{"allow":["GET"]}}],"collection":[{"href":"https:\/\/samorzad.uksw.edu.pl\/pl\/wp-json\/wp\/v2\/posts"}],"about":[{"href":"https:\/\/samorzad.uksw.edu.pl\/pl\/wp-json\/wp\/v2\/types\/post"}],"author":[{"embeddable":true,"href":"https:\/\/samorzad.uksw.edu.pl\/pl\/wp-json\/wp\/v2\/users\/590"}],"replies":[{"embeddable":true,"href":"https:\/\/samorzad.uksw.edu.pl\/pl\/wp-json\/wp\/v2\/comments?post=746"}],"version-history":[{"count":0,"href":"https:\/\/samorzad.uksw.edu.pl\/pl\/wp-json\/wp\/v2\/posts\/746\/revisions"}],"wp:attachment":[{"href":"https:\/\/samorzad.uksw.edu.pl\/pl\/wp-json\/wp\/v2\/media?parent=746"}],"wp:term":[{"taxonomy":"category","embeddable":true,"href":"https:\/\/samorzad.uksw.edu.pl\/pl\/wp-json\/wp\/v2\/categories?post=746"},{"taxonomy":"post_tag","embeddable":true,"href":"https:\/\/samorzad.uksw.edu.pl\/pl\/wp-json\/wp\/v2\/tags?post=746"}],"curies":[{"name":"wp","href":"https:\/\/api.w.org\/{rel}","templated":true}]}}