{"id":651,"date":"2023-12-06T10:40:54","date_gmt":"2023-12-06T09:40:54","guid":{"rendered":"https:\/\/samorzad.uksw.edu.pl\/?p=651"},"modified":"2024-03-08T10:39:41","modified_gmt":"2024-03-08T09:39:41","slug":"wyniki-wyborow-do-wydzialowych-rad-studentow-i-parlamentu-samorzadu-studentow-uksw","status":"publish","type":"post","link":"https:\/\/samorzad.uksw.edu.pl\/2023\/12\/06\/wyniki-wyborow-do-wydzialowych-rad-studentow-i-parlamentu-samorzadu-studentow-uksw\/","title":{"rendered":"Wyniki wybor\u00f3w do Wydzia\u0142owych Rad Student\u00f3w i Parlamentu Samorz\u0105du Student\u00f3w UKSW"},"content":{"rendered":"\n<p>Poni\u017cej publikujemy wyniki wybor\u00f3w do WRS i Parlamentu Samorz\u0105du Student\u00f3w UKSW (dla kadencji 2023\/24).<\/p>\n\n\n\n<p><strong>1)<\/strong>&nbsp;<strong>Wydzia\u0142 Teologiczny:<\/strong><\/p>\n\n\n\n<p><strong>a)<\/strong>&nbsp;<strong>Cz\u0142onkowie Wydzia\u0142owej Rady Student\u00f3w<\/strong><\/p>\n\n\n\n<p>1. Agata Skalska<\/p>\n\n\n\n<p>2. Julia Tkaczyk<\/p>\n\n\n\n<p>3. Korneliusz Jan Zieli\u0144ski<\/p>\n\n\n\n<p>4. Maciej Sambor<\/p>\n\n\n\n<p><strong>b)<\/strong>&nbsp;<strong>Cz\u0142onkowie Parlamentu:<\/strong><\/p>\n\n\n\n<p>1. Julia Tkaczyk<\/p>\n\n\n\n<p>2. Korneliusz Jan Zieli\u0144ski<\/p>\n\n\n\n<p>3. Agata Skalska<\/p>\n\n\n\n<p><strong>2)<\/strong>&nbsp;<strong>Wydzia\u0142 Studi\u00f3w nad Rodzin\u0105:<\/strong><\/p>\n\n\n\n<p><strong>a)<\/strong>&nbsp;<strong>Cz\u0142onkowie Wydzia\u0142owej Rady Student\u00f3w:<\/strong><\/p>\n\n\n\n<p>1. Daniel Pruss<\/p>\n\n\n\n<p><strong>b)<\/strong>&nbsp;<strong>Cz\u0142onkowie Parlamentu<\/strong><\/p>\n\n\n\n<p>1. Daniel Pruss<\/p>\n\n\n\n<p><strong>3)<\/strong>&nbsp;<strong>Wydzia\u0142 Spo\u0142eczno-Ekonomiczny:<\/strong><\/p>\n\n\n\n<p><strong>a)<\/strong>&nbsp;<strong>Cz\u0142onkowie Wydzia\u0142owej Rady Student\u00f3w:<\/strong><\/p>\n\n\n\n<p>1. Cezary Kostrzewski<\/p>\n\n\n\n<p>2. Marta Kurdziel<\/p>\n\n\n\n<p>3. Micha\u0142 Nowakowski<\/p>\n\n\n\n<p>4. Natalia Lipi\u0144ska<\/p>\n\n\n\n<p><strong>b)<\/strong>&nbsp;<strong>Cz\u0142onkowie Parlamentu:<\/strong><\/p>\n\n\n\n<p>1. Cezary Kostrzewski<\/p>\n\n\n\n<p>2. Micha\u0142 Nowakowski<\/p>\n\n\n\n<p>3. Natalia Lipi\u0144ska<\/p>\n\n\n\n<p><strong>4)<\/strong>&nbsp;<strong>Wydzia\u0142 Prawa Kanonicznego<\/strong><\/p>\n\n\n\n<p><strong>a)<\/strong>&nbsp;<strong>Cz\u0142onkowie Wydzia\u0142owej Rady Student\u00f3w:<\/strong><\/p>\n\n\n\n<p>1. Jakub Zbigniew Kochanowicz<\/p>\n\n\n\n<p>2. Maciej Aleksander Urba\u0144ski<\/p>\n\n\n\n<p>3. Natalia Grz\u0119da<\/p>\n\n\n\n<p>4. Wiktoria Szumska<\/p>\n\n\n\n<p>5. Zuzanna Maria Rozwadowska<\/p>\n\n\n\n<p><strong>b)<\/strong>&nbsp;<strong>Cz\u0142onkowie Parlamentu:<\/strong><\/p>\n\n\n\n<p>1. Maciej Aleksander Urba\u0144ski<\/p>\n\n\n\n<p>2. Natalia Grz\u0119da<\/p>\n\n\n\n<p><strong>5)<\/strong>&nbsp;<strong>Wydzia\u0142 Prawa i Administracji:<\/strong><\/p>\n\n\n\n<p><strong>a)<\/strong>&nbsp;<strong>Cz\u0142onkowie Wydzia\u0142owej Rady Student\u00f3w:<\/strong><\/p>\n\n\n\n<p>1. Agnieszka Borowiec<\/p>\n\n\n\n<p>2. Idalia Zamiela<\/p>\n\n\n\n<p>3. Kinga G\u00f3\u017ad\u017a<\/p>\n\n\n\n<p>4. Maksymilian Marchlewicz<\/p>\n\n\n\n<p>5. Patrycja P\u0142atos<\/p>\n\n\n\n<p>6. Wiktoria Zwoli\u0144ska<\/p>\n\n\n\n<p>7. Zofia Wielg\u00f3rska<\/p>\n\n\n\n<p><strong>b)<\/strong>&nbsp;<strong>Cz\u0142onkowie Parlamentu:<\/strong><\/p>\n\n\n\n<p>1. Maksymilian Marchlewicz<\/p>\n\n\n\n<p>2. Wiktoria Zwoli\u0144ska<\/p>\n\n\n\n<p>3. Zofia Wielg\u00f3rska<\/p>\n\n\n\n<p><strong>6)<\/strong>&nbsp;<strong>Wydzia\u0142 Nauk Pedagogicznych:<\/strong><\/p>\n\n\n\n<p><strong>a)<\/strong>&nbsp;<strong>Cz\u0142onkowie Wydzia\u0142owej Rady Student\u00f3w:<\/strong><\/p>\n\n\n\n<p>1. Carmen Galvani<\/p>\n\n\n\n<p>2. Martyna Weronika \u015apiewak<\/p>\n\n\n\n<p>3. Micha\u0142 Kowalski<\/p>\n\n\n\n<p>4. Micha\u0142 Kujawa<\/p>\n\n\n\n<p>5. Natalia Rejczak<\/p>\n\n\n\n<p><strong>b)<\/strong>&nbsp;<strong>Cz\u0142onkowie Parlamentu:<\/strong><\/p>\n\n\n\n<p>1. Micha\u0142 Kujawa<\/p>\n\n\n\n<p>2. Natalia Rejczak<\/p>\n\n\n\n<p><strong>7)<\/strong>&nbsp;<strong>Wydzia\u0142 Nauk Historycznych:<\/strong><\/p>\n\n\n\n<p><strong>a)<\/strong>&nbsp;<strong>Cz\u0142onkowie Wydzia\u0142owej Rady Student\u00f3w:<\/strong><\/p>\n\n\n\n<p>1. Adrian Banasiak<\/p>\n\n\n\n<p>2. Anita Klimek<\/p>\n\n\n\n<p>3. Jakub Szymaszek<\/p>\n\n\n\n<p><strong>b)<\/strong>&nbsp;<strong>Cz\u0142onkowie Parlamentu:<\/strong><\/p>\n\n\n\n<p>1. Adrian Banasiak<\/p>\n\n\n\n<p>2. Anita Klimek<\/p>\n\n\n\n<p><strong><\/strong>&nbsp;<strong>Wydzia\u0142 Nauk Humanistycznych:<\/strong><\/p>\n\n\n\n<p><strong>a)<\/strong>&nbsp;<strong>Cz\u0142onkowie Wydzia\u0142owej Rady Student\u00f3w:<\/strong><\/p>\n\n\n\n<p>1. Jolanta Zalewska<\/p>\n\n\n\n<p>2. Jan J\u00f3zef Lelito<\/p>\n\n\n\n<p><strong>b)<\/strong>&nbsp;<strong>Cz\u0142onkowie Parlamentu:<\/strong><\/p>\n\n\n\n<p>1. Jolanta Zalewska<\/p>\n\n\n\n<p>2. Jan J\u00f3zef Lelito<\/p>\n\n\n\n<p><strong>9)<\/strong>&nbsp;<strong>Wydzia\u0142 Matematyczno-Przyrodniczy:<\/strong><\/p>\n\n\n\n<p><strong>a)<\/strong>&nbsp;<strong>Cz\u0142onkowie Wydzia\u0142owej Rady Student\u00f3w:<\/strong><\/p>\n\n\n\n<p>1. Karolina Cichocka<\/p>\n\n\n\n<p>2. Patryk Marcin Pyrkosz<\/p>\n\n\n\n<p>3. Zuzanna Oliwia Chmielewska<\/p>\n\n\n\n<p><strong>b)<\/strong>&nbsp;<strong>Cz\u0142onkowie Parlamentu:<\/strong><\/p>\n\n\n\n<p>1. Karolina Cichocka<\/p>\n\n\n\n<p>2. Patryk Pyrkosz<\/p>\n\n\n\n<p><strong>10)<\/strong>&nbsp;<strong>Wydzia\u0142 Medyczny. Collegium Medicum:<\/strong><\/p>\n\n\n\n<p><strong>a)<\/strong>&nbsp;<strong>Cz\u0142onkowie Wydzia\u0142owej Rady Student\u00f3w:<\/strong><\/p>\n\n\n\n<p>1. Micha\u0142 Galek<\/p>\n\n\n\n<p>2. Zuzanna Bekta<\/p>\n\n\n\n<p>3. Julia Lenart<\/p>\n\n\n\n<p>4. Joanna Cielecka<\/p>\n\n\n\n<p>5. Maciej Bia\u0142ek<\/p>\n\n\n\n<p><strong>b)<\/strong>&nbsp;<strong>Cz\u0142onkowie Parlamentu:<\/strong><\/p>\n\n\n\n<p>1. Zuzanna Bekta<\/p>\n\n\n\n<p>2. Micha\u0142 Galek<\/p>\n\n\n\n<p>3. Julia Lenart<\/p>\n\n\n\n<p><strong>11)<\/strong>&nbsp;<strong>Wydzia\u0142 Filozofii Chrze\u015bcija\u0144skiej:<\/strong><\/p>\n\n\n\n<p><strong>a)<\/strong>&nbsp;<strong>Cz\u0142onkowie Wydzia\u0142owej Rady Student\u00f3w:<\/strong><\/p>\n\n\n\n<p>1. Adrianna Kalinowska<\/p>\n\n\n\n<p>2. Dawid Ponichtera<\/p>\n\n\n\n<p>3. Gabriela Machal<\/p>\n\n\n\n<p>4. Mateusz Bujnowski<\/p>\n\n\n\n<p><strong>b)<\/strong>&nbsp;<strong>Cz\u0142onkowie Parlamentu:<\/strong><\/p>\n\n\n\n<p>1. Mateusz Bujnowski<\/p>\n\n\n\n<p>2. Adrianna Kalinowska<\/p>\n\n\n\n<p>3. Dawid Ponichtera<\/p>\n\n\n\n<p><strong>12)<\/strong>&nbsp;<strong>Wydzia\u0142 Biologii i Nauk o \u015arodowisku:<\/strong><\/p>\n\n\n\n<p><strong>a)<\/strong>&nbsp;<strong>Cz\u0142onkowie Wydzia\u0142owej Rady Student\u00f3w:<\/strong><\/p>\n\n\n\n<p>1. Miko\u0142aj \u015awi\u0105tek<\/p>\n\n\n\n<p>2. Aleksander Izdebski<\/p>\n\n\n\n<p>3. Alicja Ho\u0142osyniuk<\/p>\n\n\n\n<p>4. Aleksander Kami\u0144ski<\/p>\n\n\n\n<p>5. Marta W\u0142odarczyk<\/p>\n\n\n\n<p><strong>b)<\/strong>&nbsp;<strong>Cz\u0142onkowie Parlamentu:<\/strong><\/p>\n\n\n\n<p>1. Miko\u0142aj \u015awi\u0105tek<\/p>\n\n\n\n<p>Zgodnie z \u00a737 pkt. 1 Ordynacji, odb\u0119dzie si\u0119 losowanie, w celu wy\u0142onienia Cz\u0142onka Parlamentu Wydzia\u0142u Biologii i Nauk o \u015arodowisku pomi\u0119dzy<strong>\u00a0Aleksandrem Izdebskim i Alicj\u0105 Ho\u0142osyniuk.<\/strong><\/p>\n\n\n\n<p><strong><a href=\"https:\/\/samorzad.uksw.edu.pl\/wp-content\/uploads\/sites\/37\/2023\/12\/SaS.008.OKWS_.U.16.2023.2024-o-wynikach-wyborow-do-WRS.pdf\" data-type=\"link\" data-id=\"https:\/\/samorzad.uksw.edu.pl\/wp-content\/uploads\/sites\/37\/2023\/12\/SaS.008.OKWS_.U.16.2023.2024-o-wynikach-wyborow-do-WRS.pdf\">Uchwa\u0142a nr 16\/2023 OKWS<\/a><\/strong> &#8211; z dnia 05 grudnia 2023 roku &#8211; w sprawie wynik\u00f3w wybor\u00f3w do Wydzia\u0142owych Rad Student\u00f3w UKSW na kadencj\u0119 2024 zarz\u0105dzonych na dni 28 listopada 05 grudnia 2023 r.<\/p>\n","protected":false},"excerpt":{"rendered":"<p>Poni\u017cej publikujemy wyniki wybor\u00f3w do WRS i Parlamentu Samorz\u0105du Student\u00f3w UKSW (dla kadencji 2023\/24). 1)&nbsp;Wydzia\u0142 Teologiczny: a)&nbsp;Cz\u0142onkowie Wydzia\u0142owej Rady Student\u00f3w 1. Agata Skalska 2. Julia Tkaczyk 3. Korneliusz Jan Zieli\u0144ski 4. Maciej Sambor b)&nbsp;Cz\u0142onkowie Parlamentu: 1. Julia Tkaczyk 2. Korneliusz Jan Zieli\u0144ski 3. Agata Skalska 2)&nbsp;Wydzia\u0142 Studi\u00f3w nad Rodzin\u0105: a)&nbsp;Cz\u0142onkowie Wydzia\u0142owej Rady Student\u00f3w: 1. Daniel [&hellip;]<\/p>\n","protected":false},"author":594,"featured_media":652,"comment_status":"closed","ping_status":"open","sticky":false,"template":"","format":"standard","meta":{"_acf_changed":false,"inline_featured_image":false,"footnotes":"","_links_to":"","_links_to_target":""},"categories":[10,7,9],"tags":[],"class_list":["post-651","post","type-post","status-publish","format-standard","has-post-thumbnail","hentry","category-wszystkie","category-parlament","category-wrs"],"acf":[],"_links":{"self":[{"href":"https:\/\/samorzad.uksw.edu.pl\/pl\/wp-json\/wp\/v2\/posts\/651","targetHints":{"allow":["GET"]}}],"collection":[{"href":"https:\/\/samorzad.uksw.edu.pl\/pl\/wp-json\/wp\/v2\/posts"}],"about":[{"href":"https:\/\/samorzad.uksw.edu.pl\/pl\/wp-json\/wp\/v2\/types\/post"}],"author":[{"embeddable":true,"href":"https:\/\/samorzad.uksw.edu.pl\/pl\/wp-json\/wp\/v2\/users\/594"}],"replies":[{"embeddable":true,"href":"https:\/\/samorzad.uksw.edu.pl\/pl\/wp-json\/wp\/v2\/comments?post=651"}],"version-history":[{"count":0,"href":"https:\/\/samorzad.uksw.edu.pl\/pl\/wp-json\/wp\/v2\/posts\/651\/revisions"}],"wp:featuredmedia":[{"embeddable":true,"href":"https:\/\/samorzad.uksw.edu.pl\/pl\/wp-json\/wp\/v2\/media\/652"}],"wp:attachment":[{"href":"https:\/\/samorzad.uksw.edu.pl\/pl\/wp-json\/wp\/v2\/media?parent=651"}],"wp:term":[{"taxonomy":"category","embeddable":true,"href":"https:\/\/samorzad.uksw.edu.pl\/pl\/wp-json\/wp\/v2\/categories?post=651"},{"taxonomy":"post_tag","embeddable":true,"href":"https:\/\/samorzad.uksw.edu.pl\/pl\/wp-json\/wp\/v2\/tags?post=651"}],"curies":[{"name":"wp","href":"https:\/\/api.w.org\/{rel}","templated":true}]}}