{"id":1565,"date":"2025-10-17T21:37:00","date_gmt":"2025-10-17T19:37:00","guid":{"rendered":"https:\/\/samorzad.uksw.edu.pl\/?p=1565"},"modified":"2025-12-18T22:20:44","modified_gmt":"2025-12-18T21:20:44","slug":"vii-zwyczajne-posiedzenie-parlamentu-samorzadu-studentow-uksw","status":"publish","type":"post","link":"https:\/\/samorzad.uksw.edu.pl\/2025\/10\/17\/vii-zwyczajne-posiedzenie-parlamentu-samorzadu-studentow-uksw\/","title":{"rendered":"VII Zwyczajne Posiedzenie Parlamentu Samorz\u0105du Student\u00f3w UKSW"},"content":{"rendered":"\n<p><\/p>\n\n\n\n<p><em>Na podstawie \u00a77 ust. 2 w zwi\u0105zku z \u00a715 ust. 4 Regulaminu Samorz\u0105du Student\u00f3w Uniwersytetu Kardyna\u0142a Stefana Wyszy\u0144skiego w Warszawie z dnia 21 marca 2024 roku, Marsza\u0142ek Parlamentu Samorz\u0105du Student\u00f3w UKSW Jakub Z. Kochanowicz zwo\u0142uje VII Zwyczajne Posiedzenie Parlamentu Samorz\u0105du Student\u00f3w UKSW, kt\u00f3re odb\u0119dzie si\u0119 29.10.2025 r. o godzinie 17:<\/em>30 w <em>auli 116&nbsp;w&nbsp;<em>b. 21 przy ul. W\u00f3ycickiego 1\/3<\/em><\/em>.<\/p>\n\n\n\n<p><\/p>\n\n\n\n<p><strong>Proponowany porz\u0105dek obrad VII Zwyczajnego Posiedzenia Parlamentu Samorz\u0105du Student\u00f3w UKSW:<\/strong><\/p>\n\n\n\n<p><strong><em>1)<\/em><\/strong>&nbsp;Otwarcie VII Zwyczajnego Posiedzenia Parlamentu Samorz\u0105du Student\u00f3w UKSW&nbsp;<\/p>\n\n\n\n<p><strong><em>2)&nbsp;<\/em><\/strong>Wyb\u00f3r komisji skrutacyjnej&nbsp;<\/p>\n\n\n\n<p><strong><em>3)<\/em><\/strong>&nbsp;Sporz\u0105dzenie listy obecno\u015bci&nbsp;<\/p>\n\n\n\n<p><strong><em>4)<\/em><\/strong>&nbsp;Przyj\u0119cie porz\u0105dku obrad&nbsp;<\/p>\n\n\n\n<p><strong><em>5)<\/em><\/strong>&nbsp;Komunikaty Prezydium Parlamentu Samorz\u0105du Student\u00f3w UKSW&nbsp;<\/p>\n\n\n\n<p><strong><em>6)<\/em><\/strong>&nbsp;Informacje Komisji Rewizyjnej Samorz\u0105du Student\u00f3w UKSW&nbsp;<\/p>\n\n\n\n<p><strong><em>7)<\/em><\/strong>&nbsp;Komunikaty Przewodnicz\u0105cego Uczelnianej Komisji Stypendialnej<\/p>\n\n\n\n<p><strong><em>8)<\/em><\/strong>&nbsp;Informacje Og\u00f3lnouczelnianej Komisji Wyborczej Samorz\u0105du Student\u00f3w UKSW&nbsp;<\/p>\n\n\n\n<p><strong><em>9)<\/em><\/strong>&nbsp;Sprawozdanie kwartalne Wydzia\u0142owych Rad Student\u00f3w<\/p>\n\n\n\n<p><strong><em>10)<\/em><\/strong>&nbsp;Przyj\u0119cie sprawozda\u0144 kwartalnych Wydzia\u0142owych Rad Student\u00f3w<\/p>\n\n\n\n<p><strong><em>11)<\/em><\/strong>&nbsp;Wyb\u00f3r przedstawiciela student\u00f3w do Senatu UKSW<\/p>\n\n\n\n<p><strong><em>12)<\/em><\/strong>&nbsp;Sprawozdanie Zarz\u0105du Samorz\u0105du Student\u00f3w UKSW z bie\u017c\u0105cej dzia\u0142alno\u015bci<\/p>\n\n\n\n<p><strong><em>13)&nbsp;<\/em><\/strong>Przyj\u0119cie sprawozdania Zarz\u0105du Samorz\u0105du Student\u00f3w UKSW&nbsp;<\/p>\n\n\n\n<p><strong><em>14)<\/em><\/strong>&nbsp;Sprawozdanie kwartalne przewodnicz\u0105cych komisji Zarz\u0105du Samorz\u0105du Student\u00f3w &nbsp; UKSW z&nbsp; bie\u017c\u0105cej dzia\u0142alno\u015bci<\/p>\n\n\n\n<p><strong><em>15)<\/em><\/strong>&nbsp;Przyj\u0119cie sprawozda\u0144 kwartalnych przewodnicz\u0105cych komisji Zarz\u0105du Samorz\u0105du Student\u00f3w UKSW&nbsp;<\/p>\n\n\n\n<p><strong><em>16)<\/em><\/strong>&nbsp;Sprawozdanie z\u202fdzia\u0142ania komisji senackich, Senatu Uniwersytetu i\u202finnych organ\u00f3w kolegialnych<\/p>\n\n\n\n<p><strong><em>17)<\/em><\/strong>&nbsp;Dyskusja nad proponowanymi zmianami Regulaminu Samorz\u0105du Student\u00f3w UKSW<\/p>\n\n\n\n<p><strong><em>18)&nbsp;<\/em><\/strong>G\u0142osowanie nad&nbsp;projektem Zarz\u0105dzenia zmieniaj\u0105cego Zarz\u0105dzenie ws. op\u0142at za us\u0142ugi edukacyjne<\/p>\n\n\n\n<p><strong><em>19)&nbsp;<\/em><\/strong>Wyb\u00f3r przedstawicieli student\u00f3w do Komisji konkursowej ds. dofinansowania organizacji studenckich<\/p>\n\n\n\n<p><strong><em>20)<\/em><\/strong>&nbsp;Wyb\u00f3r kandydata na cz\u0142onka Og\u00f3lnouczelnianej Komisji Wyborczej Samorz\u0105du Student\u00f3w UKSW&nbsp;<\/p>\n\n\n\n<p><strong><em>21)<\/em><\/strong>&nbsp;Wolne Wnioski&nbsp;<\/p>\n\n\n\n<p><strong><em>22)<\/em><\/strong>&nbsp;Zamkni\u0119cie VII Zwyczajnego Posiedzenia Parlamentu Samorz\u0105du Student\u00f3w UKSW<\/p>\n\n\n\n<p><\/p>\n","protected":false},"excerpt":{"rendered":"<p>Na podstawie \u00a77 ust. 2 w zwi\u0105zku z \u00a715 ust. 4 Regulaminu Samorz\u0105du Student\u00f3w Uniwersytetu Kardyna\u0142a Stefana Wyszy\u0144skiego w Warszawie z dnia 21 marca 2024 roku, Marsza\u0142ek Parlamentu Samorz\u0105du Student\u00f3w UKSW Jakub Z. Kochanowicz zwo\u0142uje VII Zwyczajne Posiedzenie Parlamentu Samorz\u0105du Student\u00f3w UKSW, kt\u00f3re odb\u0119dzie si\u0119 29.10.2025 r. o godzinie 17:30 w auli 116&nbsp;w&nbsp;b. 21 przy [&hellip;]<\/p>\n","protected":false},"author":590,"featured_media":0,"comment_status":"closed","ping_status":"open","sticky":false,"template":"","format":"standard","meta":{"_acf_changed":false,"inline_featured_image":false,"footnotes":"","_links_to":"","_links_to_target":""},"categories":[10,7],"tags":[],"class_list":["post-1565","post","type-post","status-publish","format-standard","hentry","category-wszystkie","category-parlament"],"acf":[],"_links":{"self":[{"href":"https:\/\/samorzad.uksw.edu.pl\/pl\/wp-json\/wp\/v2\/posts\/1565","targetHints":{"allow":["GET"]}}],"collection":[{"href":"https:\/\/samorzad.uksw.edu.pl\/pl\/wp-json\/wp\/v2\/posts"}],"about":[{"href":"https:\/\/samorzad.uksw.edu.pl\/pl\/wp-json\/wp\/v2\/types\/post"}],"author":[{"embeddable":true,"href":"https:\/\/samorzad.uksw.edu.pl\/pl\/wp-json\/wp\/v2\/users\/590"}],"replies":[{"embeddable":true,"href":"https:\/\/samorzad.uksw.edu.pl\/pl\/wp-json\/wp\/v2\/comments?post=1565"}],"version-history":[{"count":0,"href":"https:\/\/samorzad.uksw.edu.pl\/pl\/wp-json\/wp\/v2\/posts\/1565\/revisions"}],"wp:attachment":[{"href":"https:\/\/samorzad.uksw.edu.pl\/pl\/wp-json\/wp\/v2\/media?parent=1565"}],"wp:term":[{"taxonomy":"category","embeddable":true,"href":"https:\/\/samorzad.uksw.edu.pl\/pl\/wp-json\/wp\/v2\/categories?post=1565"},{"taxonomy":"post_tag","embeddable":true,"href":"https:\/\/samorzad.uksw.edu.pl\/pl\/wp-json\/wp\/v2\/tags?post=1565"}],"curies":[{"name":"wp","href":"https:\/\/api.w.org\/{rel}","templated":true}]}}