{"id":1462,"date":"2025-06-19T19:52:41","date_gmt":"2025-06-19T17:52:41","guid":{"rendered":"https:\/\/samorzad.uksw.edu.pl\/?p=1462"},"modified":"2025-12-18T22:20:44","modified_gmt":"2025-12-18T21:20:44","slug":"vi-zwyczajne-posiedzenie-parlamentu-samorzadu-studentow-uksw","status":"publish","type":"post","link":"https:\/\/samorzad.uksw.edu.pl\/2025\/06\/19\/vi-zwyczajne-posiedzenie-parlamentu-samorzadu-studentow-uksw\/","title":{"rendered":"VI Zwyczajne Posiedzenie Parlamentu Samorz\u0105du Student\u00f3w UKSW"},"content":{"rendered":"\n<p><\/p>\n\n\n\n<p><em>Na podstawie \u00a77 ust. 2 w zwi\u0105zku z \u00a715 ust. 4 Regulaminu Samorz\u0105du Student\u00f3w Uniwersytetu Kardyna\u0142a Stefana Wyszy\u0144skiego w Warszawie z dnia 21 marca 2024 roku, Marsza\u0142ek Parlamentu Samorz\u0105du Student\u00f3w UKSW Maciej A. Urba\u0144ski zwo\u0142uje VI Zwyczajne Posiedzenie Parlamentu Samorz\u0105du Student\u00f3w UKSW, kt\u00f3re odb\u0119dzie si\u0119 26.06.2025 r. o godzinie 17:45<\/em> w <em>auli 108\u00a0w\u00a0<em>b. 23 przy ul. W\u00f3ycickiego 1\/3<\/em><\/em>.<\/p>\n\n\n\n<p><\/p>\n\n\n\n<p><strong>Proponowany porz\u0105dek obrad VI Zwyczajnego Posiedzenia Parlamentu Samorz\u0105du Student\u00f3w UKSW:<\/strong><\/p>\n\n\n\n<p><strong><em>1)<\/em><\/strong>\u00a0Otwarcie VI Zwyczajnego Posiedzenia Parlamentu Samorz\u0105du Student\u00f3w UKSW\u00a0<\/p>\n\n\n\n<p><strong><em>2)<\/em><\/strong>\u00a0Wyb\u00f3r komisji skrutacyjnej\u00a0<\/p>\n\n\n\n<p><strong><em>3)<\/em><\/strong>\u00a0Sporz\u0105dzenie listy obecno\u015bci\u00a0<\/p>\n\n\n\n<p><strong><em>4)<\/em><\/strong>\u00a0Przyj\u0119cie porz\u0105dku obrad\u00a0<\/p>\n\n\n\n<p><strong><em>5)<\/em><\/strong>\u00a0Komunikaty Prezydium Parlamentu Samorz\u0105du Student\u00f3w UKSW\u00a0<\/p>\n\n\n\n<p><strong><em>6)<\/em><\/strong>\u00a0Informacje Komisji Rewizyjnej Samorz\u0105du Student\u00f3w UKSW\u00a0<\/p>\n\n\n\n<p><strong><em>7)<\/em><\/strong>\u00a0Wyb\u00f3r Marsza\u0142ka Parlamentu Samorz\u0105du Student\u00f3w UKSW\u00a0<\/p>\n\n\n\n<p><strong><em>8)<\/em><\/strong>\u00a0Sprawozdanie Zarz\u0105du Samorz\u0105du Student\u00f3w UKSW z bie\u017c\u0105cej dzia\u0142alno\u015bci\u00a0<\/p>\n\n\n\n<p><strong><em>9)<\/em><\/strong>\u00a0Przyj\u0119cie sprawozdania Zarz\u0105du Samorz\u0105du Student\u00f3w UKSW\u00a0<\/p>\n\n\n\n<p><strong><em>10)<\/em><\/strong>\u00a0Sprawozdanie finansowe Przewodnicz\u0105cego Zarz\u0105du z bie\u017c\u0105cej dzia\u0142alno\u015bci\u00a0<\/p>\n\n\n\n<p><strong><em>11)<\/em><\/strong>\u00a0Informacje Og\u00f3lnouczelnianej Komisji Wyborczej Samorz\u0105du Student\u00f3w UKSW\u00a0<\/p>\n\n\n\n<p><strong><em>12)<\/em><\/strong>\u00a0Sprawozdanie z dzia\u0142ania komisji senackich, Senatu Uniwersytetu i innych organ\u00f3w kolegialnych\u00a0<\/p>\n\n\n\n<p><strong><em>13)<\/em><\/strong>\u00a0Wolne Wnioski\u00a0<\/p>\n\n\n\n<p><strong><em>14)<\/em><\/strong>&nbsp;Zamkni\u0119cie VI Zwyczajnego Posiedzenia Parlamentu Samorz\u0105du Student\u00f3w UKSW<\/p>\n\n\n\n<p><\/p>\n","protected":false},"excerpt":{"rendered":"<p>Na podstawie \u00a77 ust. 2 w zwi\u0105zku z \u00a715 ust. 4 Regulaminu Samorz\u0105du Student\u00f3w Uniwersytetu Kardyna\u0142a Stefana Wyszy\u0144skiego w Warszawie z dnia 21 marca 2024 roku, Marsza\u0142ek Parlamentu Samorz\u0105du Student\u00f3w UKSW Maciej A. Urba\u0144ski zwo\u0142uje VI Zwyczajne Posiedzenie Parlamentu Samorz\u0105du Student\u00f3w UKSW, kt\u00f3re odb\u0119dzie si\u0119 26.06.2025 r. o godzinie 17:45 w auli 108\u00a0w\u00a0b. 23 przy [&hellip;]<\/p>\n","protected":false},"author":590,"featured_media":0,"comment_status":"closed","ping_status":"open","sticky":false,"template":"","format":"standard","meta":{"_acf_changed":false,"inline_featured_image":false,"footnotes":"","_links_to":"","_links_to_target":""},"categories":[10,7],"tags":[],"class_list":["post-1462","post","type-post","status-publish","format-standard","hentry","category-wszystkie","category-parlament"],"acf":[],"_links":{"self":[{"href":"https:\/\/samorzad.uksw.edu.pl\/pl\/wp-json\/wp\/v2\/posts\/1462","targetHints":{"allow":["GET"]}}],"collection":[{"href":"https:\/\/samorzad.uksw.edu.pl\/pl\/wp-json\/wp\/v2\/posts"}],"about":[{"href":"https:\/\/samorzad.uksw.edu.pl\/pl\/wp-json\/wp\/v2\/types\/post"}],"author":[{"embeddable":true,"href":"https:\/\/samorzad.uksw.edu.pl\/pl\/wp-json\/wp\/v2\/users\/590"}],"replies":[{"embeddable":true,"href":"https:\/\/samorzad.uksw.edu.pl\/pl\/wp-json\/wp\/v2\/comments?post=1462"}],"version-history":[{"count":0,"href":"https:\/\/samorzad.uksw.edu.pl\/pl\/wp-json\/wp\/v2\/posts\/1462\/revisions"}],"wp:attachment":[{"href":"https:\/\/samorzad.uksw.edu.pl\/pl\/wp-json\/wp\/v2\/media?parent=1462"}],"wp:term":[{"taxonomy":"category","embeddable":true,"href":"https:\/\/samorzad.uksw.edu.pl\/pl\/wp-json\/wp\/v2\/categories?post=1462"},{"taxonomy":"post_tag","embeddable":true,"href":"https:\/\/samorzad.uksw.edu.pl\/pl\/wp-json\/wp\/v2\/tags?post=1462"}],"curies":[{"name":"wp","href":"https:\/\/api.w.org\/{rel}","templated":true}]}}