{"id":1364,"date":"2025-05-05T21:15:00","date_gmt":"2025-05-05T19:15:00","guid":{"rendered":"https:\/\/samorzad.uksw.edu.pl\/?p=1364"},"modified":"2025-12-18T22:20:44","modified_gmt":"2025-12-18T21:20:44","slug":"i-nadzwyczajne-posiedzenie-parlamentu-samorzadu-studentow-uksw","status":"publish","type":"post","link":"https:\/\/samorzad.uksw.edu.pl\/2025\/05\/05\/i-nadzwyczajne-posiedzenie-parlamentu-samorzadu-studentow-uksw\/","title":{"rendered":"I Nadzwyczajne Posiedzenie Parlamentu Samorz\u0105du Student\u00f3w UKSW"},"content":{"rendered":"\n<p><em>Na podstawie \u00a77 ust. 9\u00a0\u00a0Regulaminu Samorz\u0105du Student\u00f3w Uniwersytetu Kardyna\u0142a Stefana Wyszy\u0144skiego w\u00a0Warszawie z\u00a0dnia 21 marca 2024 roku, Marsza\u0142ek Parlamentu Samorz\u0105du Student\u00f3w UKSW Maciej A. Urba\u0144ski\u00a0zwo\u0142uje\u00a0I Nadzwyczajne Posiedzenie Parlamentu Samorz\u0105du Student\u00f3w UKSW, kt\u00f3re odb\u0119dzie si\u0119 08<\/em><em>.05.2025 r. o godzinie 17:00 w auli 116\u00a0w b. 21\u00a0 przy ul. W\u00f3ycickiego 1\/3.<\/em><\/p>\n\n\n\n<p><strong>Proponowany porz\u0105dek obrad:<\/strong><\/p>\n\n\n\n<p><strong><em>1)<\/em><\/strong>   Otwarcie I Nadzwyczajnego Posiedzenia Parlamentu Samorz\u0105du Student\u00f3w UKSW<\/p>\n\n\n\n<p><strong><em>2)<\/em><\/strong>   Wyb\u00f3r komisji skrutacyjnej<\/p>\n\n\n\n<p><strong><em>3)<\/em><\/strong>   Sporz\u0105dzenie listy obecno\u015bci<\/p>\n\n\n\n<p><strong><em>4)<\/em><\/strong>   Przyj\u0119cie porz\u0105dku obrad<\/p>\n\n\n\n<p><strong><em>5)\u00a0\u00a0<\/em><\/strong>\u00a0Uzupe\u0142nienie sk\u0142adu Prezydium Parlamentu Samorz\u0105du Student\u00f3w UKSW &#8211; Wyb\u00f3r Wicemarsza\u0142ka<\/p>\n\n\n\n<p><strong><em>6)<\/em><\/strong>\u00a0 \u00a0Informacje Marsza\u0142ka Parlamentu Samorz\u0105du Student\u00f3w UKSW<\/p>\n\n\n\n<p><em><strong>7)<\/strong><\/em>\u00a0 \u00a0Wolne wnioski<\/p>\n\n\n\n<p><strong><em>8)<\/em>\u00a0 \u00a0<\/strong>Zamkni\u0119cie I Nadzwyczajnego Posiedzenia Parlamentu Samorz\u0105du Student\u00f3w UKSW\u00a0<\/p>\n\n\n\n<p><\/p>\n","protected":false},"excerpt":{"rendered":"<p>Na podstawie \u00a77 ust. 9\u00a0\u00a0Regulaminu Samorz\u0105du Student\u00f3w Uniwersytetu Kardyna\u0142a Stefana Wyszy\u0144skiego w\u00a0Warszawie z\u00a0dnia 21 marca 2024 roku, Marsza\u0142ek Parlamentu Samorz\u0105du Student\u00f3w UKSW Maciej A. Urba\u0144ski\u00a0zwo\u0142uje\u00a0I Nadzwyczajne Posiedzenie Parlamentu Samorz\u0105du Student\u00f3w UKSW, kt\u00f3re odb\u0119dzie si\u0119 08.05.2025 r. o godzinie 17:00 w auli 116\u00a0w b. 21\u00a0 przy ul. W\u00f3ycickiego 1\/3. Proponowany porz\u0105dek obrad: 1) Otwarcie I Nadzwyczajnego [&hellip;]<\/p>\n","protected":false},"author":590,"featured_media":0,"comment_status":"closed","ping_status":"open","sticky":false,"template":"","format":"standard","meta":{"_acf_changed":false,"inline_featured_image":false,"footnotes":"","_links_to":"","_links_to_target":""},"categories":[10,7],"tags":[],"class_list":["post-1364","post","type-post","status-publish","format-standard","hentry","category-wszystkie","category-parlament"],"acf":[],"_links":{"self":[{"href":"https:\/\/samorzad.uksw.edu.pl\/pl\/wp-json\/wp\/v2\/posts\/1364","targetHints":{"allow":["GET"]}}],"collection":[{"href":"https:\/\/samorzad.uksw.edu.pl\/pl\/wp-json\/wp\/v2\/posts"}],"about":[{"href":"https:\/\/samorzad.uksw.edu.pl\/pl\/wp-json\/wp\/v2\/types\/post"}],"author":[{"embeddable":true,"href":"https:\/\/samorzad.uksw.edu.pl\/pl\/wp-json\/wp\/v2\/users\/590"}],"replies":[{"embeddable":true,"href":"https:\/\/samorzad.uksw.edu.pl\/pl\/wp-json\/wp\/v2\/comments?post=1364"}],"version-history":[{"count":0,"href":"https:\/\/samorzad.uksw.edu.pl\/pl\/wp-json\/wp\/v2\/posts\/1364\/revisions"}],"wp:attachment":[{"href":"https:\/\/samorzad.uksw.edu.pl\/pl\/wp-json\/wp\/v2\/media?parent=1364"}],"wp:term":[{"taxonomy":"category","embeddable":true,"href":"https:\/\/samorzad.uksw.edu.pl\/pl\/wp-json\/wp\/v2\/categories?post=1364"},{"taxonomy":"post_tag","embeddable":true,"href":"https:\/\/samorzad.uksw.edu.pl\/pl\/wp-json\/wp\/v2\/tags?post=1364"}],"curies":[{"name":"wp","href":"https:\/\/api.w.org\/{rel}","templated":true}]}}