{"id":126,"date":"2023-08-01T16:30:00","date_gmt":"2023-08-01T14:30:00","guid":{"rendered":"https:\/\/samorzad.uksw.edu.pl\/?p=126"},"modified":"2023-08-04T10:32:14","modified_gmt":"2023-08-04T08:32:14","slug":"summer-camp-2023","status":"publish","type":"post","link":"https:\/\/samorzad.uksw.edu.pl\/2023\/08\/01\/summer-camp-2023\/","title":{"rendered":"SUMMER CAMP 2023"},"content":{"rendered":"\n<p><img loading=\"lazy\" decoding=\"async\" height=\"16\" width=\"16\" alt=\"\ud83e\udef5\" src=\"https:\/\/static.xx.fbcdn.net\/images\/emoji.php\/v9\/t21\/1.5\/16\/1faf5.png\">Czy jeste\u015b gotowy na Summer Camp UKSW 2023? Zapraszamy Ci\u0119 na wyj\u0105tkowy wyjazd, kt\u00f3ry z pewno\u015bci\u0105 na d\u0142ugo pozostanie w Twojej pami\u0119ci!<\/p>\n\n\n\n<p><img loading=\"lazy\" decoding=\"async\" height=\"16\" width=\"16\" alt=\"\ud83d\udfe9\" src=\"https:\/\/static.xx.fbcdn.net\/images\/emoji.php\/v9\/tdc\/1.5\/16\/1f7e9.png\">Summer Camp to legendarny wyjazd, cyklicznie organizowany przez Samorz\u0105d Student\u00f3w UKSW. Odbywa si\u0119 on na pocz\u0105tku wrze\u015bnia. Jest to wydarzenie, podczas kt\u00f3rego studenci, szczeg\u00f3lnie ci rozpoczynaj\u0105cy swoj\u0105 przygod\u0119 na Uniwersytecie Kardyna\u0142a Stefana Wyszy\u0144skiego, maj\u0105 okazj\u0119 spotka\u0107 si\u0119, pozna\u0107, zintegrowa\u0107 i przygotowa\u0107 si\u0119 na <a><\/a>nadchodz\u0105cy rok akademicki i \u0142atwiej wkroczy\u0107 w nowy etap edukacji.<\/p>\n\n\n\n<p><img loading=\"lazy\" decoding=\"async\" height=\"16\" width=\"16\" alt=\"\u2757\ufe0f\" src=\"https:\/\/static.xx.fbcdn.net\/images\/emoji.php\/v9\/td7\/1.5\/16\/2757.png\">G\u0142\u00f3wne cele Summer Camp UKSW to:<\/p>\n\n\n\n<p><img loading=\"lazy\" decoding=\"async\" height=\"16\" width=\"16\" alt=\"\ud83d\udd39\" src=\"https:\/\/static.xx.fbcdn.net\/images\/emoji.php\/v9\/t4c\/1.5\/16\/1f539.png\">Integracja: Wydarzenie stwarza doskona\u0142\u0105 okazj\u0119 do nawi\u0105zania kontakt\u00f3w i przyja\u017ani z r\u00f3wie\u015bnikami oraz starszymi kolegami i kole\u017cankami. To szansa na poznanie ludzi z r\u00f3\u017cnych kierunk\u00f3w studi\u00f3w i organizacji.<\/p>\n\n\n\n<p><img loading=\"lazy\" decoding=\"async\" height=\"16\" width=\"16\" alt=\"\ud83d\udd39\" src=\"https:\/\/static.xx.fbcdn.net\/images\/emoji.php\/v9\/t4c\/1.5\/16\/1f539.png\">Orientacja na uczelni: Podczas Summer Campu organizowane s\u0105 r\u00f3\u017cnego rodzaju warsztaty, spotkania z pracownikami oraz W\u0142adzami uczelni, inicjatywy maj\u0105ce na celu wprowadzenie student\u00f3w w \u017cycie akademickie. Nowi studenci dowiaduj\u0105 si\u0119 o dost\u0119pnych zasobach, zapleczu, organizacjach studenckich oraz innych mo\u017cliwo\u015bciach, jakie oferuje uczelnia.<\/p>\n\n\n\n<p><img loading=\"lazy\" decoding=\"async\" height=\"16\" width=\"16\" alt=\"\ud83d\udd39\" src=\"https:\/\/static.xx.fbcdn.net\/images\/emoji.php\/v9\/t4c\/1.5\/16\/1f539.png\">Rozrywka i aktywno\u015bci: Summer camp jest pe\u0142en r\u00f3\u017cnorodnych atrakcji i aktywno\u015bci, gry terenowe, konkursy, wieczory tematyczne, a tak\u017ce zaj\u0119cia sportowe i rekreacyjne. To wszystko ma na celu stworzenie atmosfery, kt\u00f3ra u\u0142atwia nawi\u0105zywanie relacji mi\u0119dzy studentami.<\/p>\n\n\n\n<p><img loading=\"lazy\" decoding=\"async\" height=\"16\" width=\"16\" alt=\"\ud83d\udd39\" src=\"https:\/\/static.xx.fbcdn.net\/images\/emoji.php\/v9\/t4c\/1.5\/16\/1f539.png\">Wsparcie i motywacja: Dla wielu nowych student\u00f3w, rozpocz\u0119cie studi\u00f3w mo\u017ce by\u0107 wyzwaniem i stresuj\u0105cym do\u015bwiadczeniem. Summer camp daje mo\u017cliwo\u015b\u0107 wsparcia i motywacji od starszych koleg\u00f3w, kt\u00f3rzy mog\u0105 podzieli\u0107 si\u0119 swoimi do\u015bwiadczeniami i kole\u017ce\u0144skimi radami.<\/p>\n\n\n\n<p><img loading=\"lazy\" decoding=\"async\" height=\"16\" width=\"16\" alt=\"\ud83e\uddd0\" src=\"https:\/\/static.xx.fbcdn.net\/images\/emoji.php\/v9\/t36\/1.5\/16\/1f9d0.png\">Czego mo\u017cesz si\u0119 spodziewa\u0107 podczas tegorocznej edycji Summer Camp?<\/p>\n\n\n\n<p><img loading=\"lazy\" decoding=\"async\" height=\"16\" width=\"16\" alt=\"\ud83c\udf93\" src=\"https:\/\/static.xx.fbcdn.net\/images\/emoji.php\/v9\/t7e\/1.5\/16\/1f393.png\"> Szkolenia o mo\u017cliwo\u015bciach jakie daje UKSW &#8211; Chcemy, aby\u015b poczu\u0142 pe\u0142ni\u0119 potencja\u0142u, jak\u0105 oferuje nasza uczelnia. Podczas wyjazdu b\u0119dziesz mia\u0142 okazj\u0119 pozna\u0107 wszystkie mo\u017cliwo\u015bci rozwoju naukowego, kulturalnego i spo\u0142ecznego, jakie daje Ci UKSW. B\u0119dziemy gotowi odpowiedzie\u0107 na wszystkie Twoje pytania!<\/p>\n\n\n\n<p><img loading=\"lazy\" decoding=\"async\" height=\"16\" width=\"16\" alt=\"\ud83e\udd1d\" src=\"https:\/\/static.xx.fbcdn.net\/images\/emoji.php\/v9\/tbd\/1.5\/16\/1f91d.png\"> Spotkanie z w\u0142adzami &#8211; Wsp\u00f3\u0142tworzymy przyjazn\u0105 atmosfer\u0119 i dajemy Ci szans\u0119 na bezpo\u015brednie spotkanie z Kolegium Rektorskim UKSW. Podczas spotkania dowiesz si\u0119 jak funkcjonuje nasz uniwersytet oraz b\u0119dziesz m\u00f3g\u0142 zada\u0107 nurtuj\u0105ce Ci\u0119 pytania. To doskona\u0142a okazja, aby wyrazi\u0107 swoje pomys\u0142y i sugestie.<\/p>\n\n\n\n<p><img loading=\"lazy\" decoding=\"async\" height=\"16\" width=\"16\" alt=\"\ud83d\udea3\u200d\u2642\ufe0f\" src=\"https:\/\/static.xx.fbcdn.net\/images\/emoji.php\/v9\/t9\/1.5\/16\/1f6a3_200d_2642.png\"> Sp\u0142yw kajakowy &#8211; Wyobra\u017a sobie p\u0142yn\u0105\u0107 otoczony przepi\u0119kn\u0105 przyrod\u0105. To okazja, aby na\u0142adowa\u0107 baterie na nadchodz\u0105cy rok akademicki!<\/p>\n\n\n\n<p><img loading=\"lazy\" decoding=\"async\" height=\"16\" width=\"16\" alt=\"\ud83c\udf89\" src=\"https:\/\/static.xx.fbcdn.net\/images\/emoji.php\/v9\/te5\/1.5\/16\/1f389.png\"> Wieczory integracyjne &#8211; Imprezy do bia\u0142ego rana! Wieczory integracyjne to doskona\u0142y moment, aby zapomnie\u0107 o codziennych obowi\u0105zkach i zacie\u015bni\u0107 wi\u0119zi z nowymi kolegami i kole\u017cankami.<\/p>\n\n\n\n<p><img loading=\"lazy\" decoding=\"async\" height=\"16\" width=\"16\" alt=\"\ud83c\udfdd\ufe0f\" src=\"https:\/\/static.xx.fbcdn.net\/images\/emoji.php\/v9\/te4\/1.5\/16\/1f3dd.png\"> Zapomnij o nudzie! Czeka na Ciebie wyjazd pe\u0142en wra\u017ce\u0144 dzi\u0119ki kt\u00f3remu wr\u00f3cisz na uczelni\u0119 z nowymi znajomo\u015bciami, pewno\u015bci\u0105 siebie oraz na\u0142adowanymi pozytywn\u0105 energi\u0105 bateriami.<\/p>\n\n\n\n<p><img loading=\"lazy\" decoding=\"async\" height=\"16\" width=\"16\" alt=\"\ud83e\udd70\" src=\"https:\/\/static.xx.fbcdn.net\/images\/emoji.php\/v9\/t43\/1.5\/16\/1f970.png\">Nie przegap tej szansy! Rezerwuj miejsce ju\u017c teraz i do\u0142\u0105cz do grona student\u00f3w UKSW!<\/p>\n\n\n\n<p><img loading=\"lazy\" decoding=\"async\" height=\"16\" width=\"16\" src=\"https:\/\/static.xx.fbcdn.net\/images\/emoji.php\/v9\/t69\/1.5\/16\/270d.png\" alt=\"\u270d\ufe0f\">Wype\u0142nij formularz i zapisz si\u0119 ju\u017c dzi\u015b!<br><a href=\"https:\/\/docs.google.com\/forms\/d\/e\/1FAIpQLSd2dSUR9BO0qa45tOuuoD6GjsYhBy4DiT1YpF5IIfS8syz_Qg\/viewform?pli=1&amp;fbclid=IwAR3g76fMxICnULzKAtM2kEVcM4Z8Y6eSMNL0SfFEhXZl0od1LUNK4Ei0rn4\" target=\"_blank\" data-type=\"URL\" data-id=\"https:\/\/docs.google.com\/forms\/d\/e\/1FAIpQLSd2dSUR9BO0qa45tOuuoD6GjsYhBy4DiT1YpF5IIfS8syz_Qg\/viewform?pli=1&amp;fbclid=IwAR3g76fMxICnULzKAtM2kEVcM4Z8Y6eSMNL0SfFEhXZl0od1LUNK4Ei0rn4\" rel=\"noreferrer noopener\">https:\/\/docs.google.com\/forms\/d\/e\/1FAIpQLSd2dSUR9BO0qa45tOuuoD6GjsYhBy4DiT1YpF5IIfS8syz_Qg\/viewform?pli=1&amp;fbclid=IwAR3g76fMxICnULzKAtM2kEVcM4Z8Y6eSMNL0SfFEhXZl0od1LUNK4Ei0rn4<\/a><\/p>\n","protected":false},"excerpt":{"rendered":"<p>Czy jeste\u015b gotowy na Summer Camp UKSW 2023? Zapraszamy Ci\u0119 na wyj\u0105tkowy wyjazd, kt\u00f3ry z pewno\u015bci\u0105 na d\u0142ugo pozostanie w Twojej pami\u0119ci! Summer Camp to legendarny wyjazd, cyklicznie organizowany przez Samorz\u0105d Student\u00f3w UKSW. Odbywa si\u0119 on na pocz\u0105tku wrze\u015bnia. Jest to wydarzenie, podczas kt\u00f3rego studenci, szczeg\u00f3lnie ci rozpoczynaj\u0105cy swoj\u0105 przygod\u0119 na Uniwersytecie Kardyna\u0142a Stefana Wyszy\u0144skiego, [&hellip;]<\/p>\n","protected":false},"author":80,"featured_media":0,"comment_status":"closed","ping_status":"open","sticky":false,"template":"","format":"standard","meta":{"_acf_changed":false,"inline_featured_image":false,"footnotes":"","_links_to":"","_links_to_target":""},"categories":[10],"tags":[],"class_list":["post-126","post","type-post","status-publish","format-standard","hentry","category-wszystkie"],"acf":[],"_links":{"self":[{"href":"https:\/\/samorzad.uksw.edu.pl\/pl\/wp-json\/wp\/v2\/posts\/126","targetHints":{"allow":["GET"]}}],"collection":[{"href":"https:\/\/samorzad.uksw.edu.pl\/pl\/wp-json\/wp\/v2\/posts"}],"about":[{"href":"https:\/\/samorzad.uksw.edu.pl\/pl\/wp-json\/wp\/v2\/types\/post"}],"author":[{"embeddable":true,"href":"https:\/\/samorzad.uksw.edu.pl\/pl\/wp-json\/wp\/v2\/users\/80"}],"replies":[{"embeddable":true,"href":"https:\/\/samorzad.uksw.edu.pl\/pl\/wp-json\/wp\/v2\/comments?post=126"}],"version-history":[{"count":0,"href":"https:\/\/samorzad.uksw.edu.pl\/pl\/wp-json\/wp\/v2\/posts\/126\/revisions"}],"wp:attachment":[{"href":"https:\/\/samorzad.uksw.edu.pl\/pl\/wp-json\/wp\/v2\/media?parent=126"}],"wp:term":[{"taxonomy":"category","embeddable":true,"href":"https:\/\/samorzad.uksw.edu.pl\/pl\/wp-json\/wp\/v2\/categories?post=126"},{"taxonomy":"post_tag","embeddable":true,"href":"https:\/\/samorzad.uksw.edu.pl\/pl\/wp-json\/wp\/v2\/tags?post=126"}],"curies":[{"name":"wp","href":"https:\/\/api.w.org\/{rel}","templated":true}]}}