{"id":1032,"date":"2024-06-11T14:29:06","date_gmt":"2024-06-11T12:29:06","guid":{"rendered":"https:\/\/samorzad.uksw.edu.pl\/?p=1032"},"modified":"2024-06-26T14:33:22","modified_gmt":"2024-06-26T12:33:22","slug":"vii-zwyczajne-posiedzenie-parlamentu-samorzadu-studentow-uksw","status":"publish","type":"post","link":"https:\/\/samorzad.uksw.edu.pl\/2024\/06\/11\/vii-zwyczajne-posiedzenie-parlamentu-samorzadu-studentow-uksw\/","title":{"rendered":"VII\u00a0Zwyczajne Posiedzenie Parlamentu Samorz\u0105du Student\u00f3w UKSW"},"content":{"rendered":"\n<p><em>Szanowni Pa\u0144stwo,<\/em><\/p>\n\n\n\n<p><em>zapraszam na\u00a0VII\u00a0Zwyczajne posiedzenie Parlamentu Samorz\u0105du Student\u00f3w UKSW, kt\u00f3re odb\u0119dzie si\u0119 w\u00a0Sali 201 bud.23 na\u00a0kampusie przy ul.\u00a0W\u00f3ycickiego 1\/3\u00a0<strong>w\u00a0dniu 26.06 o\u00a0godzinie 17.00\u00a0<\/strong><\/em><\/p>\n\n\n\n<p><strong>Proponowany porz\u0105dek obrad V\u00a0zwyczajnego posiedzenia Parlamentu Samorz\u0105du Student\u00f3w UKSW:<\/strong><\/p>\n\n\n\n<ol class=\"wp-block-list\">\n<li>Otwarcie VII posiedzenia zwyczajnego Parlamentu Samorz\u0105du Student\u00f3w UKSW<br><\/li>\n\n\n\n<li>Sporz\u0105dzenie listy obecno\u015bci<br><\/li>\n\n\n\n<li>Wyb\u00f3r komisji skrutacyjnej<br><\/li>\n\n\n\n<li>Przyj\u0119cie porz\u0105dku obrad<br><\/li>\n\n\n\n<li>Informacje Prezydium Parlamentu Samorz\u0105du Student\u00f3w UKSW<br><\/li>\n\n\n\n<li>Sprawozdanie z bie\u017c\u0105cej dzia\u0142alno\u015bci Zarz\u0105du Samorz\u0105du Student\u00f3w UKSW<br><\/li>\n\n\n\n<li>Przyj\u0119cie sprawozdania Zarz\u0105du Samorz\u0105du Student\u00f3w UKSW<br><\/li>\n\n\n\n<li>Informacje Komisji Rewizyjnej Samorz\u0105du Student\u00f3w UKSW<br><\/li>\n\n\n\n<li>Sprawozdanie z dzia\u0142ania komisji senackich, Senatu i innych organ\u00f3w kolegialnych<br><\/li>\n\n\n\n<li>Przyj\u0119cie protoko\u0142u z VI posiedzenia Parlamentu Samorz\u0105du Student\u00f3w UKSW<br><\/li>\n\n\n\n<li>Wolne wnioski<br><\/li>\n\n\n\n<li>Zamkni\u0119cie VII posiedzenia zwyczajnego Parlamentu Samorz\u0105du Student\u00f3w UKSW<\/li>\n<\/ol>\n\n\n\n<p><\/p>\n","protected":false},"excerpt":{"rendered":"<p>Szanowni Pa\u0144stwo, zapraszam na\u00a0VII\u00a0Zwyczajne posiedzenie Parlamentu Samorz\u0105du Student\u00f3w UKSW, kt\u00f3re odb\u0119dzie si\u0119 w\u00a0Sali 201 bud.23 na\u00a0kampusie przy ul.\u00a0W\u00f3ycickiego 1\/3\u00a0w\u00a0dniu 26.06 o\u00a0godzinie 17.00\u00a0 Proponowany porz\u0105dek obrad V\u00a0zwyczajnego posiedzenia Parlamentu Samorz\u0105du Student\u00f3w UKSW:<\/p>\n","protected":false},"author":590,"featured_media":0,"comment_status":"closed","ping_status":"open","sticky":false,"template":"","format":"standard","meta":{"_acf_changed":false,"inline_featured_image":false,"footnotes":"","_links_to":"","_links_to_target":""},"categories":[10,7],"tags":[],"class_list":["post-1032","post","type-post","status-publish","format-standard","hentry","category-wszystkie","category-parlament"],"acf":[],"_links":{"self":[{"href":"https:\/\/samorzad.uksw.edu.pl\/pl\/wp-json\/wp\/v2\/posts\/1032","targetHints":{"allow":["GET"]}}],"collection":[{"href":"https:\/\/samorzad.uksw.edu.pl\/pl\/wp-json\/wp\/v2\/posts"}],"about":[{"href":"https:\/\/samorzad.uksw.edu.pl\/pl\/wp-json\/wp\/v2\/types\/post"}],"author":[{"embeddable":true,"href":"https:\/\/samorzad.uksw.edu.pl\/pl\/wp-json\/wp\/v2\/users\/590"}],"replies":[{"embeddable":true,"href":"https:\/\/samorzad.uksw.edu.pl\/pl\/wp-json\/wp\/v2\/comments?post=1032"}],"version-history":[{"count":0,"href":"https:\/\/samorzad.uksw.edu.pl\/pl\/wp-json\/wp\/v2\/posts\/1032\/revisions"}],"wp:attachment":[{"href":"https:\/\/samorzad.uksw.edu.pl\/pl\/wp-json\/wp\/v2\/media?parent=1032"}],"wp:term":[{"taxonomy":"category","embeddable":true,"href":"https:\/\/samorzad.uksw.edu.pl\/pl\/wp-json\/wp\/v2\/categories?post=1032"},{"taxonomy":"post_tag","embeddable":true,"href":"https:\/\/samorzad.uksw.edu.pl\/pl\/wp-json\/wp\/v2\/tags?post=1032"}],"curies":[{"name":"wp","href":"https:\/\/api.w.org\/{rel}","templated":true}]}}